{"provider_url": "https://www.durande.mg.leg.br", "title": "Minist\u00e9rio P\u00fablico itinerante", "html": "<p><img src=\"https://www.durande.mg.leg.br/ministerio-publico-itinerante-5/WhatsAppImage20250529at16.10.21.jpeg/@@images/41b6552d-a9f3-475a-9a64-871126658d44.jpeg\" alt=\"\" class=\"image-inline\" title=\"\" /><img src=\"https://www.durande.mg.leg.br/institucional/imagens/WhatsAppImage20250529at16.02.19.jpeg/@@images/af43208e-397d-40fd-95e8-e646071ceadf.jpeg\" alt=\"M\u00eas de Conscientiza\u00e7\u00e3o ao Combate da Explora\u00e7\u00e3o e Abuso Sexual Infantil no Meio Digital.\" class=\"image-left\" title=\"MAIO LARANJA\" /><img src=\"https://www.durande.mg.leg.br/ministerio-publico-itinerante-5/WhatsAppImage20250530at10.16.39.jpeg/@@images/dbb3b7a7-ebcc-4c8d-995d-d1764a8cc47c.jpeg\" alt=\"\" class=\"image-left\" title=\"\" /><img src=\"https://www.durande.mg.leg.br/ministerio-publico-itinerante-5/WhatsAppImage20250529at12.07.38.jpeg/@@images/5057558a-6a0a-4575-bdb5-a18ddc155fcd.jpeg\" alt=\"\" class=\"image-left\" title=\"\" /></p>", "author_name": "", "version": "1.0", "author_url": "https://www.durande.mg.leg.br/author/willianeleoterio18@gmail.com", "provider_name": "C\u00e2mara Municipal de Durand\u00e9", "type": "rich"}