{"provider_url": "https://www.durande.mg.leg.br", "title": "RECESSO Julho 2024", "html": "<p>A C\u00e2mara Municipal de Durand\u00e9, em conformidade com o regimento interno da Casa, encontra-se em recesso legislativo no per\u00edodo de 1\u00b0 a 31 de julho de 2024. Durante esse per\u00edodo, n\u00e3o ser\u00e3o realizadas as sess\u00f5es ordin\u00e1rias que ocorrem regularmente na 1\u00aa e 3\u00aa ter\u00e7a-feira de cada m\u00eas.</p>\r\n<p>No entanto, \u00e9 fundamental destacar que a C\u00e2mara permanecer\u00e1 aberta e em pleno funcionamento. A equipe administrativa continuar\u00e1 trabalhando para atender \u00e0s demandas da popula\u00e7\u00e3o, receber documentos, encaminhar solicita\u00e7\u00f5es e realizar os tr\u00e2mites administrativos necess\u00e1rios.</p>\r\n<p>A pr\u00f3xima sess\u00e3o ordin\u00e1ria est\u00e1 prevista para o dia 6 de agosto de 2023 \u00e0 partir das 18h00m, quando os vereadores retornar\u00e3o \u00e0s atividades legislativas regulares. Nesse momento, ser\u00e3o discutidos projetos, deliberadas quest\u00f5es importantes para o munic\u00edpio e representados os interesses da popula\u00e7\u00e3o.</p>\r\n<p>O recesso legislativo est\u00e1 previsto no regimento interno da C\u00e2mara Municipal de Durand\u00e9, e sua finalidade \u00e9 proporcionar um per\u00edodo onde a \u00e1rea administrativa planeje os pr\u00f3ximos meses da condu\u00e7\u00e3o dos trabalhos e os vereadores poder\u00e3o se dedicar a atividades externas, como visitas aos eleitores, capacita\u00e7\u00f5es e estudos, buscando aprimorar seus conhecimentos e contribuir ainda mais com o desenvolvimento do munic\u00edpio e tamb\u00e9m permitir que os vereadores tenham a oportunidade de se dedicar-se a outras atividades relacionadas ao seu mandato.</p>\r\n<p>Ressaltamos que as sess\u00f5es ordin\u00e1rias, extraordin\u00e1rias e solenes, s\u00e3o transmitidas ao vivo pelo facebook C\u00e2mara Durand\u00e9.</p>", "author_name": "", "version": "1.0", "author_url": "https://www.durande.mg.leg.br/author/adm", "provider_name": "C\u00e2mara Municipal de Durand\u00e9", "type": "rich"}